{"id":7701,"date":"2025-02-10T10:38:48","date_gmt":"2025-02-10T09:38:48","guid":{"rendered":"https:\/\/dqio.ub.edu\/?p=7701"},"modified":"2026-03-18T12:25:24","modified_gmt":"2026-03-18T11:25:24","slug":"exito-de-la-segunda-reunion-de-quimica-inorganica-y-organometalica-en-tarragona","status":"publish","type":"post","link":"https:\/\/dqio.ub.edu\/es\/exito-de-la-segunda-reunion-de-quimica-inorganica-y-organometalica-en-tarragona\/","title":{"rendered":"\u00c9xito de la Segunda Reuni\u00f3n de Qu\u00edmica Inorg\u00e1nica y Organomet\u00e1lica en Tarragona"},"content":{"rendered":"<h5 data-pm-slice=\"1 1 []\"><strong>\u00c9xito de la Segunda Reuni\u00f3n de Qu\u00edmica Inorg\u00e1nica y Organomet\u00e1lica en Tarragona<\/strong><\/h5>\n<p>Del 5 al 7 de febrero de 2025 se llev\u00f3 a cabo en Tarragona la <strong>Segunda Reuni\u00f3n de Qu\u00edmica Inorg\u00e1nica y Organomet\u00e1lica de la SCQ<\/strong>, <strong>RQIO 2025<\/strong>,\u00a0 un evento que reuni\u00f3 a investigadores y expertos en el \u00e1rea con el objetivo de compartir avances y fomentar la colaboraci\u00f3n cient\u00edfica. La reuni\u00f3n cont\u00f3 con una amplia participaci\u00f3n de especialistas de distintas instituciones, incluyendo varios miembros de nuestra <strong>Secci\u00f3n de Qu\u00edmica Inorg\u00e1nica de la Universidad de Barcelona (UB)<\/strong>.,<\/p>\n<p data-pm-slice=\"1 1 []\">Durante el evento, se presentaron 5 conferencias plenarias, 28 comunicaciones orales, 27 presentaciones flash\u00a0 y 20 comunicaciones en formato p\u00f3ster, dando protagonismo a estudiantes de doctorado y nuevos investigadores. Entre los participantes de la UB, destacaron las presentaciones sobre nuevos materiales, el dise\u00f1o de complejos met\u00e1licos con potencial en qu\u00edmica sostenible.<\/p>\n<p>Adem\u00e1s de las actividades cient\u00edficas, la reuni\u00f3n ofreci\u00f3 espacios para el intercambio de ideas y la generaci\u00f3n de futuras colaboraciones entre grupos de investigaci\u00f3n.<\/p>\n<p>En la foto adjunta, la mayor\u00eda de los asistentes a la Reuni\u00f3n y los organizadores del evento, entre ellos los miembros de nuestra Secci\u00f3n quienes han sido parte de la organizaci\u00f3n del evento,\u00a0 Dr. Guillem Arom\u00ed y Leon\u00ed A. Barrios (LabMolDesign), as\u00ed como\u00a0 miembros de los <strong>grupos de investigaci\u00f3n CATHOM, CIC, EE, MATCAT, LabMolDesign, LM2N, MagMol, Matheu Lab, MEC y SuNS<\/strong>.<\/p>\n<p>Agradecemos a los organizadores, Montse Dieguez, Mar\u00eda Biosca, Elisenda Mas (Universitat Rovira i Virgilli), M\u00f3nica H. P\u00e9rez-Temprano, Arjan W. Kleij (ICIQ),\u00a0 al Comit\u00e9 Cient\u00edfico y la Societat Catalana de Qu\u00edmica (SCQ) y a todos los participantes por la excelente acogida y esperamos seguir participando activamente en futuras ediciones de este evento clave para la comunidad qu\u00edmica.<\/p>\n","protected":false},"excerpt":{"rendered":"<p>\u00c9xito de la Segunda Reuni\u00f3n de Qu\u00edmica Inorg\u00e1nica y Organomet\u00e1lica en Tarragona Del 5 al 7 de febrero de 2025 se llev\u00f3 a cabo en Tarragona la Segunda Reuni\u00f3n de Qu\u00edmica Inorg\u00e1nica y Organomet\u00e1lica de la SCQ, RQIO 2025,\u00a0 un evento que reuni\u00f3 a investigadores y expertos en el \u00e1rea con el objetivo de compartir&#8230;<\/p>\n","protected":false},"author":4,"featured_media":7705,"comment_status":"closed","ping_status":"closed","sticky":false,"template":"","format":"standard","meta":{"_acf_changed":false,"footnotes":""},"categories":[303],"tags":[],"class_list":["post-7701","post","type-post","status-publish","format-standard","has-post-thumbnail","hentry","category-eventos-pasados-inorganica"],"acf":[],"yoast_head":"<!-- This site is optimized with the Yoast SEO plugin v27.5 - https:\/\/yoast.com\/product\/yoast-seo-wordpress\/ -->\n<title>\u00c9xito de la Segunda Reuni\u00f3n de Qu\u00edmica Inorg\u00e1nica y Organomet\u00e1lica en Tarragona - Departament de Quimica Inorg\u00e0nica i Org\u00e0nica<\/title>\n<meta name=\"robots\" content=\"index, follow, max-snippet:-1, max-image-preview:large, max-video-preview:-1\" \/>\n<link rel=\"canonical\" href=\"https:\/\/dqio.ub.edu\/es\/exito-de-la-segunda-reunion-de-quimica-inorganica-y-organometalica-en-tarragona\/\" \/>\n<meta property=\"og:locale\" content=\"es_ES\" \/>\n<meta property=\"og:type\" content=\"article\" \/>\n<meta property=\"og:title\" content=\"\u00c9xito de la Segunda Reuni\u00f3n de Qu\u00edmica Inorg\u00e1nica y Organomet\u00e1lica en Tarragona - Departament de Quimica Inorg\u00e0nica i Org\u00e0nica\" \/>\n<meta property=\"og:description\" content=\"\u00c9xito de la Segunda Reuni\u00f3n de Qu\u00edmica Inorg\u00e1nica y Organomet\u00e1lica en Tarragona Del 5 al 7 de febrero de 2025 se llev\u00f3 a cabo en Tarragona la Segunda Reuni\u00f3n de Qu\u00edmica Inorg\u00e1nica y Organomet\u00e1lica de la SCQ, RQIO 2025,\u00a0 un evento que reuni\u00f3 a investigadores y expertos en el \u00e1rea con el objetivo de compartir...\" \/>\n<meta property=\"og:url\" content=\"https:\/\/dqio.ub.edu\/es\/exito-de-la-segunda-reunion-de-quimica-inorganica-y-organometalica-en-tarragona\/\" \/>\n<meta property=\"og:site_name\" content=\"Departament de Quimica Inorg\u00e0nica i Org\u00e0nica\" \/>\n<meta property=\"article:published_time\" content=\"2025-02-10T09:38:48+00:00\" \/>\n<meta property=\"article:modified_time\" content=\"2026-03-18T11:25:24+00:00\" \/>\n<meta property=\"og:image\" content=\"https:\/\/dqio.ub.edu\/wp-content\/uploads\/2025\/02\/RQIO-PARTICIPANTS-e1739180136201.jpg\" \/>\n\t<meta property=\"og:image:width\" content=\"1536\" \/>\n\t<meta property=\"og:image:height\" content=\"864\" \/>\n\t<meta property=\"og:image:type\" content=\"image\/jpeg\" \/>\n<meta name=\"author\" content=\"Leoni_Barrios\" \/>\n<meta name=\"twitter:card\" content=\"summary_large_image\" \/>\n<meta name=\"twitter:label1\" content=\"Escrito por\" \/>\n\t<meta name=\"twitter:data1\" content=\"Leoni_Barrios\" \/>\n\t<meta name=\"twitter:label2\" content=\"Tiempo de lectura\" \/>\n\t<meta name=\"twitter:data2\" content=\"2 minutos\" \/>\n<script type=\"application\/ld+json\" class=\"yoast-schema-graph\">{\"@context\":\"https:\\\/\\\/schema.org\",\"@graph\":[{\"@type\":\"Article\",\"@id\":\"https:\\\/\\\/dqio.ub.edu\\\/es\\\/exito-de-la-segunda-reunion-de-quimica-inorganica-y-organometalica-en-tarragona\\\/#article\",\"isPartOf\":{\"@id\":\"https:\\\/\\\/dqio.ub.edu\\\/es\\\/exito-de-la-segunda-reunion-de-quimica-inorganica-y-organometalica-en-tarragona\\\/\"},\"author\":{\"name\":\"Leoni_Barrios\",\"@id\":\"https:\\\/\\\/dqio.ub.edu\\\/#\\\/schema\\\/person\\\/03e7e58a3c7dc5ddf9d97c4d412a06b3\"},\"headline\":\"\u00c9xito de la Segunda Reuni\u00f3n de Qu\u00edmica Inorg\u00e1nica y Organomet\u00e1lica en Tarragona\",\"datePublished\":\"2025-02-10T09:38:48+00:00\",\"dateModified\":\"2026-03-18T11:25:24+00:00\",\"mainEntityOfPage\":{\"@id\":\"https:\\\/\\\/dqio.ub.edu\\\/es\\\/exito-de-la-segunda-reunion-de-quimica-inorganica-y-organometalica-en-tarragona\\\/\"},\"wordCount\":324,\"image\":{\"@id\":\"https:\\\/\\\/dqio.ub.edu\\\/es\\\/exito-de-la-segunda-reunion-de-quimica-inorganica-y-organometalica-en-tarragona\\\/#primaryimage\"},\"thumbnailUrl\":\"https:\\\/\\\/dqio.ub.edu\\\/wp-content\\\/uploads\\\/2025\\\/02\\\/RQIO-PARTICIPANTS-e1739180136201.jpg\",\"articleSection\":[\"Eventos pasados inorg\u00e1nica\"],\"inLanguage\":\"es\"},{\"@type\":\"WebPage\",\"@id\":\"https:\\\/\\\/dqio.ub.edu\\\/es\\\/exito-de-la-segunda-reunion-de-quimica-inorganica-y-organometalica-en-tarragona\\\/\",\"url\":\"https:\\\/\\\/dqio.ub.edu\\\/es\\\/exito-de-la-segunda-reunion-de-quimica-inorganica-y-organometalica-en-tarragona\\\/\",\"name\":\"\u00c9xito de la Segunda Reuni\u00f3n de Qu\u00edmica Inorg\u00e1nica y Organomet\u00e1lica en Tarragona - Departament de Quimica Inorg\u00e0nica i Org\u00e0nica\",\"isPartOf\":{\"@id\":\"https:\\\/\\\/dqio.ub.edu\\\/#website\"},\"primaryImageOfPage\":{\"@id\":\"https:\\\/\\\/dqio.ub.edu\\\/es\\\/exito-de-la-segunda-reunion-de-quimica-inorganica-y-organometalica-en-tarragona\\\/#primaryimage\"},\"image\":{\"@id\":\"https:\\\/\\\/dqio.ub.edu\\\/es\\\/exito-de-la-segunda-reunion-de-quimica-inorganica-y-organometalica-en-tarragona\\\/#primaryimage\"},\"thumbnailUrl\":\"https:\\\/\\\/dqio.ub.edu\\\/wp-content\\\/uploads\\\/2025\\\/02\\\/RQIO-PARTICIPANTS-e1739180136201.jpg\",\"datePublished\":\"2025-02-10T09:38:48+00:00\",\"dateModified\":\"2026-03-18T11:25:24+00:00\",\"author\":{\"@id\":\"https:\\\/\\\/dqio.ub.edu\\\/#\\\/schema\\\/person\\\/03e7e58a3c7dc5ddf9d97c4d412a06b3\"},\"breadcrumb\":{\"@id\":\"https:\\\/\\\/dqio.ub.edu\\\/es\\\/exito-de-la-segunda-reunion-de-quimica-inorganica-y-organometalica-en-tarragona\\\/#breadcrumb\"},\"inLanguage\":\"es\",\"potentialAction\":[{\"@type\":\"ReadAction\",\"target\":[\"https:\\\/\\\/dqio.ub.edu\\\/es\\\/exito-de-la-segunda-reunion-de-quimica-inorganica-y-organometalica-en-tarragona\\\/\"]}]},{\"@type\":\"ImageObject\",\"inLanguage\":\"es\",\"@id\":\"https:\\\/\\\/dqio.ub.edu\\\/es\\\/exito-de-la-segunda-reunion-de-quimica-inorganica-y-organometalica-en-tarragona\\\/#primaryimage\",\"url\":\"https:\\\/\\\/dqio.ub.edu\\\/wp-content\\\/uploads\\\/2025\\\/02\\\/RQIO-PARTICIPANTS-e1739180136201.jpg\",\"contentUrl\":\"https:\\\/\\\/dqio.ub.edu\\\/wp-content\\\/uploads\\\/2025\\\/02\\\/RQIO-PARTICIPANTS-e1739180136201.jpg\",\"width\":1536,\"height\":864},{\"@type\":\"BreadcrumbList\",\"@id\":\"https:\\\/\\\/dqio.ub.edu\\\/es\\\/exito-de-la-segunda-reunion-de-quimica-inorganica-y-organometalica-en-tarragona\\\/#breadcrumb\",\"itemListElement\":[{\"@type\":\"ListItem\",\"position\":1,\"name\":\"Inici\",\"item\":\"https:\\\/\\\/dqio.ub.edu\\\/es\\\/\"},{\"@type\":\"ListItem\",\"position\":2,\"name\":\"\u00c9xito de la Segunda Reuni\u00f3n de Qu\u00edmica Inorg\u00e1nica y Organomet\u00e1lica en Tarragona\"}]},{\"@type\":\"WebSite\",\"@id\":\"https:\\\/\\\/dqio.ub.edu\\\/#website\",\"url\":\"https:\\\/\\\/dqio.ub.edu\\\/\",\"name\":\"Departament de Quimica Inorg\u00e0nica i Org\u00e0nica\",\"description\":\"\",\"potentialAction\":[{\"@type\":\"SearchAction\",\"target\":{\"@type\":\"EntryPoint\",\"urlTemplate\":\"https:\\\/\\\/dqio.ub.edu\\\/?s={search_term_string}\"},\"query-input\":{\"@type\":\"PropertyValueSpecification\",\"valueRequired\":true,\"valueName\":\"search_term_string\"}}],\"inLanguage\":\"es\"},{\"@type\":\"Person\",\"@id\":\"https:\\\/\\\/dqio.ub.edu\\\/#\\\/schema\\\/person\\\/03e7e58a3c7dc5ddf9d97c4d412a06b3\",\"name\":\"Leoni_Barrios\",\"image\":{\"@type\":\"ImageObject\",\"inLanguage\":\"es\",\"@id\":\"https:\\\/\\\/secure.gravatar.com\\\/avatar\\\/b2bb5466a88f7660069bb7e0266457b2c71a985f5dae5291b25ddd6c009575d1?s=96&d=mm&r=g\",\"url\":\"https:\\\/\\\/secure.gravatar.com\\\/avatar\\\/b2bb5466a88f7660069bb7e0266457b2c71a985f5dae5291b25ddd6c009575d1?s=96&d=mm&r=g\",\"contentUrl\":\"https:\\\/\\\/secure.gravatar.com\\\/avatar\\\/b2bb5466a88f7660069bb7e0266457b2c71a985f5dae5291b25ddd6c009575d1?s=96&d=mm&r=g\",\"caption\":\"Leoni_Barrios\"},\"sameAs\":[\"https:\\\/\\\/www.labmoldesign-ub.com\\\/\"],\"url\":\"https:\\\/\\\/dqio.ub.edu\\\/es\\\/author\\\/leoni_barrios\\\/\"}]}<\/script>\n<!-- \/ Yoast SEO plugin. -->","yoast_head_json":{"title":"\u00c9xito de la Segunda Reuni\u00f3n de Qu\u00edmica Inorg\u00e1nica y Organomet\u00e1lica en Tarragona - Departament de Quimica Inorg\u00e0nica i Org\u00e0nica","robots":{"index":"index","follow":"follow","max-snippet":"max-snippet:-1","max-image-preview":"max-image-preview:large","max-video-preview":"max-video-preview:-1"},"canonical":"https:\/\/dqio.ub.edu\/es\/exito-de-la-segunda-reunion-de-quimica-inorganica-y-organometalica-en-tarragona\/","og_locale":"es_ES","og_type":"article","og_title":"\u00c9xito de la Segunda Reuni\u00f3n de Qu\u00edmica Inorg\u00e1nica y Organomet\u00e1lica en Tarragona - Departament de Quimica Inorg\u00e0nica i Org\u00e0nica","og_description":"\u00c9xito de la Segunda Reuni\u00f3n de Qu\u00edmica Inorg\u00e1nica y Organomet\u00e1lica en Tarragona Del 5 al 7 de febrero de 2025 se llev\u00f3 a cabo en Tarragona la Segunda Reuni\u00f3n de Qu\u00edmica Inorg\u00e1nica y Organomet\u00e1lica de la SCQ, RQIO 2025,\u00a0 un evento que reuni\u00f3 a investigadores y expertos en el \u00e1rea con el objetivo de compartir...","og_url":"https:\/\/dqio.ub.edu\/es\/exito-de-la-segunda-reunion-de-quimica-inorganica-y-organometalica-en-tarragona\/","og_site_name":"Departament de Quimica Inorg\u00e0nica i Org\u00e0nica","article_published_time":"2025-02-10T09:38:48+00:00","article_modified_time":"2026-03-18T11:25:24+00:00","og_image":[{"width":1536,"height":864,"url":"https:\/\/dqio.ub.edu\/wp-content\/uploads\/2025\/02\/RQIO-PARTICIPANTS-e1739180136201.jpg","type":"image\/jpeg"}],"author":"Leoni_Barrios","twitter_card":"summary_large_image","twitter_misc":{"Escrito por":"Leoni_Barrios","Tiempo de lectura":"2 minutos"},"schema":{"@context":"https:\/\/schema.org","@graph":[{"@type":"Article","@id":"https:\/\/dqio.ub.edu\/es\/exito-de-la-segunda-reunion-de-quimica-inorganica-y-organometalica-en-tarragona\/#article","isPartOf":{"@id":"https:\/\/dqio.ub.edu\/es\/exito-de-la-segunda-reunion-de-quimica-inorganica-y-organometalica-en-tarragona\/"},"author":{"name":"Leoni_Barrios","@id":"https:\/\/dqio.ub.edu\/#\/schema\/person\/03e7e58a3c7dc5ddf9d97c4d412a06b3"},"headline":"\u00c9xito de la Segunda Reuni\u00f3n de Qu\u00edmica Inorg\u00e1nica y Organomet\u00e1lica en Tarragona","datePublished":"2025-02-10T09:38:48+00:00","dateModified":"2026-03-18T11:25:24+00:00","mainEntityOfPage":{"@id":"https:\/\/dqio.ub.edu\/es\/exito-de-la-segunda-reunion-de-quimica-inorganica-y-organometalica-en-tarragona\/"},"wordCount":324,"image":{"@id":"https:\/\/dqio.ub.edu\/es\/exito-de-la-segunda-reunion-de-quimica-inorganica-y-organometalica-en-tarragona\/#primaryimage"},"thumbnailUrl":"https:\/\/dqio.ub.edu\/wp-content\/uploads\/2025\/02\/RQIO-PARTICIPANTS-e1739180136201.jpg","articleSection":["Eventos pasados inorg\u00e1nica"],"inLanguage":"es"},{"@type":"WebPage","@id":"https:\/\/dqio.ub.edu\/es\/exito-de-la-segunda-reunion-de-quimica-inorganica-y-organometalica-en-tarragona\/","url":"https:\/\/dqio.ub.edu\/es\/exito-de-la-segunda-reunion-de-quimica-inorganica-y-organometalica-en-tarragona\/","name":"\u00c9xito de la Segunda Reuni\u00f3n de Qu\u00edmica Inorg\u00e1nica y Organomet\u00e1lica en Tarragona - Departament de Quimica Inorg\u00e0nica i Org\u00e0nica","isPartOf":{"@id":"https:\/\/dqio.ub.edu\/#website"},"primaryImageOfPage":{"@id":"https:\/\/dqio.ub.edu\/es\/exito-de-la-segunda-reunion-de-quimica-inorganica-y-organometalica-en-tarragona\/#primaryimage"},"image":{"@id":"https:\/\/dqio.ub.edu\/es\/exito-de-la-segunda-reunion-de-quimica-inorganica-y-organometalica-en-tarragona\/#primaryimage"},"thumbnailUrl":"https:\/\/dqio.ub.edu\/wp-content\/uploads\/2025\/02\/RQIO-PARTICIPANTS-e1739180136201.jpg","datePublished":"2025-02-10T09:38:48+00:00","dateModified":"2026-03-18T11:25:24+00:00","author":{"@id":"https:\/\/dqio.ub.edu\/#\/schema\/person\/03e7e58a3c7dc5ddf9d97c4d412a06b3"},"breadcrumb":{"@id":"https:\/\/dqio.ub.edu\/es\/exito-de-la-segunda-reunion-de-quimica-inorganica-y-organometalica-en-tarragona\/#breadcrumb"},"inLanguage":"es","potentialAction":[{"@type":"ReadAction","target":["https:\/\/dqio.ub.edu\/es\/exito-de-la-segunda-reunion-de-quimica-inorganica-y-organometalica-en-tarragona\/"]}]},{"@type":"ImageObject","inLanguage":"es","@id":"https:\/\/dqio.ub.edu\/es\/exito-de-la-segunda-reunion-de-quimica-inorganica-y-organometalica-en-tarragona\/#primaryimage","url":"https:\/\/dqio.ub.edu\/wp-content\/uploads\/2025\/02\/RQIO-PARTICIPANTS-e1739180136201.jpg","contentUrl":"https:\/\/dqio.ub.edu\/wp-content\/uploads\/2025\/02\/RQIO-PARTICIPANTS-e1739180136201.jpg","width":1536,"height":864},{"@type":"BreadcrumbList","@id":"https:\/\/dqio.ub.edu\/es\/exito-de-la-segunda-reunion-de-quimica-inorganica-y-organometalica-en-tarragona\/#breadcrumb","itemListElement":[{"@type":"ListItem","position":1,"name":"Inici","item":"https:\/\/dqio.ub.edu\/es\/"},{"@type":"ListItem","position":2,"name":"\u00c9xito de la Segunda Reuni\u00f3n de Qu\u00edmica Inorg\u00e1nica y Organomet\u00e1lica en Tarragona"}]},{"@type":"WebSite","@id":"https:\/\/dqio.ub.edu\/#website","url":"https:\/\/dqio.ub.edu\/","name":"Departament de Quimica Inorg\u00e0nica i Org\u00e0nica","description":"","potentialAction":[{"@type":"SearchAction","target":{"@type":"EntryPoint","urlTemplate":"https:\/\/dqio.ub.edu\/?s={search_term_string}"},"query-input":{"@type":"PropertyValueSpecification","valueRequired":true,"valueName":"search_term_string"}}],"inLanguage":"es"},{"@type":"Person","@id":"https:\/\/dqio.ub.edu\/#\/schema\/person\/03e7e58a3c7dc5ddf9d97c4d412a06b3","name":"Leoni_Barrios","image":{"@type":"ImageObject","inLanguage":"es","@id":"https:\/\/secure.gravatar.com\/avatar\/b2bb5466a88f7660069bb7e0266457b2c71a985f5dae5291b25ddd6c009575d1?s=96&d=mm&r=g","url":"https:\/\/secure.gravatar.com\/avatar\/b2bb5466a88f7660069bb7e0266457b2c71a985f5dae5291b25ddd6c009575d1?s=96&d=mm&r=g","contentUrl":"https:\/\/secure.gravatar.com\/avatar\/b2bb5466a88f7660069bb7e0266457b2c71a985f5dae5291b25ddd6c009575d1?s=96&d=mm&r=g","caption":"Leoni_Barrios"},"sameAs":["https:\/\/www.labmoldesign-ub.com\/"],"url":"https:\/\/dqio.ub.edu\/es\/author\/leoni_barrios\/"}]}},"_links":{"self":[{"href":"https:\/\/dqio.ub.edu\/es\/wp-json\/wp\/v2\/posts\/7701","targetHints":{"allow":["GET"]}}],"collection":[{"href":"https:\/\/dqio.ub.edu\/es\/wp-json\/wp\/v2\/posts"}],"about":[{"href":"https:\/\/dqio.ub.edu\/es\/wp-json\/wp\/v2\/types\/post"}],"author":[{"embeddable":true,"href":"https:\/\/dqio.ub.edu\/es\/wp-json\/wp\/v2\/users\/4"}],"replies":[{"embeddable":true,"href":"https:\/\/dqio.ub.edu\/es\/wp-json\/wp\/v2\/comments?post=7701"}],"version-history":[{"count":4,"href":"https:\/\/dqio.ub.edu\/es\/wp-json\/wp\/v2\/posts\/7701\/revisions"}],"predecessor-version":[{"id":7715,"href":"https:\/\/dqio.ub.edu\/es\/wp-json\/wp\/v2\/posts\/7701\/revisions\/7715"}],"wp:featuredmedia":[{"embeddable":true,"href":"https:\/\/dqio.ub.edu\/es\/wp-json\/wp\/v2\/media\/7705"}],"wp:attachment":[{"href":"https:\/\/dqio.ub.edu\/es\/wp-json\/wp\/v2\/media?parent=7701"}],"wp:term":[{"taxonomy":"category","embeddable":true,"href":"https:\/\/dqio.ub.edu\/es\/wp-json\/wp\/v2\/categories?post=7701"},{"taxonomy":"post_tag","embeddable":true,"href":"https:\/\/dqio.ub.edu\/es\/wp-json\/wp\/v2\/tags?post=7701"}],"curies":[{"name":"wp","href":"https:\/\/api.w.org\/{rel}","templated":true}]}}